{"id":2622,"date":"2020-10-23T05:51:29","date_gmt":"2020-10-23T05:51:29","guid":{"rendered":"https:\/\/www.dflift.com\/?p=2622"},"modified":"2022-01-20T02:24:03","modified_gmt":"2022-01-20T02:24:03","slug":"semi-electric-stacker","status":"publish","type":"post","link":"https:\/\/www.dflift.com\/es\/semi-electric-stacker\/","title":{"rendered":"Apilador semiel\u00e9ctrico"},"content":{"rendered":"<div class=\"content\">\r\n<div class=\"content-block\">\r\n<h3>Introducci\u00f3n<\/h3>\r\n<p>El apilador semiel\u00e9ctrico es un nuevo tipo de m\u00e1quina apiladora que es f\u00e1cil de manejar, respetuosa con el medio ambiente y eficiente. La elevaci\u00f3n y el descenso de la bater\u00eda de 12V mejora en gran medida la eficiencia del trabajo. Y es ampliamente utilizado en la manipulaci\u00f3n de carga de corta distancia como f\u00e1bricas, almacenes y centros de log\u00edstica. Los apiladores de paletas semiel\u00e9ctricos son m\u00e1s flexibles, poco ruidosos en algunos espacios estrechos, edificios y otros lugares. rendimiento.<\/p>\r\n<\/div>\r\n<div class=\"content-block\">\r\n<h3>VentajaS<\/h3>\r\n<ul>\r\n\t<li>El bastidor es de acero laminado en caliente de alta resistencia<\/li>\r\n\t<li>Exquisito dise\u00f1o de la estructura<\/li>\r\n\t<li>M\u00f3dulo de freno de mano<\/li>\r\n\t<li>Barra de empuje de elevaci\u00f3n, pantalla de potencia y f\u00e1cil manejo<\/li>\r\n\t<li>Cadena doble reforzada, tubo de aceite a prueba de explosiones, seguro y fiable<\/li>\r\n<\/ul>\r\n<\/div>\r\n<div class=\"content-block\">\r\n<h3>Par\u00e1metros<\/h3>\r\n\r\n<div class=\"custom_tables\"><table width=\"885\">\n<tbody>\n<tr>\n<td width=\"192\" style=\"text-align: left;\">Art\u00edculo<\/td>\n<td width=\"257\" style=\"text-align: center;\">SEM10<\/td>\n<td width=\"237\" style=\"text-align: center;\">SEM15<\/td>\n<td width=\"199\" style=\"text-align: center;\">SEM20<\/td>\n<\/tr>\n<tr>\n<td style=\"text-align: left;\">Carga nominal (Q)kg<\/td>\n<td style=\"text-align: center;\">1000<\/td>\n<td style=\"text-align: center;\">1500<\/td>\n<td style=\"text-align: center;\">2000<\/td>\n<\/tr>\n<tr>\n<td style=\"text-align: left;\">Centro de carga (C)mm<\/td>\n<td style=\"text-align: center;\">400<\/td>\n<td style=\"text-align: center;\">400<\/td>\n<td style=\"text-align: center;\">400<\/td>\n<\/tr>\n<tr>\n<td style=\"text-align: left;\">Altura de elevaci\u00f3n (H)mm<\/td>\n<td style=\"text-align: center;\">1600~3500<\/td>\n<td style=\"text-align: center;\">1600~3500<\/td>\n<td style=\"text-align: center;\">1600\/2000<\/td>\n<\/tr>\n<tr>\n<td style=\"text-align: left;\">Altura total (H3)mm<\/td>\n<td style=\"text-align: center;\">90<\/td>\n<td style=\"text-align: center;\">90<\/td>\n<td style=\"text-align: center;\">90<\/td>\n<\/tr>\n<tr>\n<td style=\"text-align: left;\">Longitud de la horquilla (L)mm<\/td>\n<td style=\"text-align: center;\">1000(1150mm Opcional)<\/td>\n<td style=\"text-align: center;\">1000(1150mm Opcional)<\/td>\n<td style=\"text-align: center;\">1000(1150mm Opcional)<\/td>\n<\/tr>\n<tr>\n<td style=\"text-align: left;\">Tama\u00f1o de la horquilla<\/td>\n<td style=\"text-align: center;\">150\u00d760<\/td>\n<td style=\"text-align: center;\">150\u00d760<\/td>\n<td style=\"text-align: center;\">150\u00d760<\/td>\n<\/tr>\n<tr>\n<td style=\"text-align: left;\">Anchura exterior de la horquilla (E)<\/td>\n<td style=\"text-align: center;\">320~850 Ajustable<\/td>\n<td style=\"text-align: center;\">320~850 Ajustable<\/td>\n<td style=\"text-align: center;\">320~850 Ajustable<\/td>\n<\/tr>\n<tr>\n<td style=\"text-align: left;\">Radio de giro (R)<\/td>\n<td style=\"text-align: center;\">1350<\/td>\n<td style=\"text-align: center;\">1450<\/td>\n<td style=\"text-align: center;\">1450<\/td>\n<\/tr>\n<tr>\n<td style=\"text-align: left;\">Potencia v\/kw<\/td>\n<td style=\"text-align: center;\">12v\/1,6kw<\/td>\n<td style=\"text-align: center;\">12v\/1,6kw<\/td>\n<td style=\"text-align: center;\">12v\/1,6kw<\/td>\n<\/tr>\n<tr>\n<td style=\"text-align: left;\">Bater\u00eda v\/ah<\/td>\n<td style=\"text-align: center;\">12v\/120Ah<\/td>\n<td style=\"text-align: center;\">12v\/120Ah<\/td>\n<td style=\"text-align: center;\">12v\/120Ah<\/td>\n<\/tr>\n<tr>\n<td style=\"text-align: left;\">Cargador v\/a<\/td>\n<td style=\"text-align: center;\">12v15a<\/td>\n<td style=\"text-align: center;\">12v15a<\/td>\n<td style=\"text-align: center;\">12v15a<\/td>\n<\/tr>\n<tr>\n<td style=\"text-align: left;\">Longitud total (A)<\/td>\n<td style=\"text-align: center;\">1660<\/td>\n<td style=\"text-align: center;\">1660<\/td>\n<td style=\"text-align: center;\">1660<\/td>\n<\/tr>\n<tr>\n<td style=\"text-align: left;\">Anchura total (B)<\/td>\n<td style=\"text-align: center;\">865<\/td>\n<td style=\"text-align: center;\">930<\/td>\n<td style=\"text-align: center;\">865<\/td>\n<\/tr>\n<\/tbody>\n<\/table>\n<\/div><\/div>\r\n<!-- \/ content-block -->\r\n<div class=\"content-block\">\r\n<h3>Sal\u00f3n de las piezas<\/h3>\r\n<div class=\"grid\">\r\n\t\t\t[notphone]\r\n\t\t\t[symmen_img_gallery id=\"1\"]\r\n\t\t\t\r\n\r\n\r\n\r\n\r\n\r\n\r\n\r\n\r\n\r\n\r\n\r\n\r\n\r\n\r\n\r\n\r\n\r\n\r\n\r\n\r\n\r\n\r\n\r\n<div class=\"grid-3\">\r\n<img src=\"img_url\" width=\"228\" height=\"152\" alt=\"\">\r\n<p>img_desc<\/p>\r\n<\/div>\r\n\r\n\r\n\r\n\r\n\r\n\r\n\r\n\r\n\r\n\r\n\r\n\r\n\r\n\r\n\r\n\r\n\r\n\r\n\r\n\r\n\r\n\r\n\r\n\r\n\t\t\t[\/symmen_img_gallery]\r\n\t\t\t[\/notphone]\r\n\t\t\t[phone]\r\n\t\t\t[symmen_img_gallery id=\"1\"]\r\n\t\t\t\r\n\r\n\r\n\r\n\r\n\r\n\r\n\r\n\r\n\r\n\r\n\r\n\r\n\r\n\r\n\r\n\r\n\r\n\r\n\r\n\r\n\r\n\r\n\r\n<div class=\"grid-3\">\r\n<img src=\"img_url\" width=\"320\" height=\"214\" alt=\"\">\r\n<p style=\"height:.96rem\">img_desc<\/p>\r\n<\/div>\r\n\r\n\r\n\r\n\r\n\r\n\r\n\r\n\r\n\r\n\r\n\r\n\r\n\r\n\r\n\r\n\r\n\r\n\r\n\r\n\r\n\r\n\r\n\r\n\r\n\t\t\t[\/symmen_img_gallery]\r\n\t\t\t[\/phone]\r\n\t\t<\/div>\r\n<\/div>\r\n<\/div>\r\n<!-- \/ content -->","protected":false},"excerpt":{"rendered":"Introducci\u00f3n El apilador semiel\u00e9ctrico es un nuevo tipo de m\u00e1quina apiladora que es f\u00e1cil de operar, amigable con el medio ambiente y eficiente. La elevaci\u00f3n y el descenso de la bater\u00eda de 12V mejora en gran medida la eficiencia del trabajo. Y es ampliamente utilizado en la manipulaci\u00f3n de carga de corta distancia como f\u00e1bricas, almacenes y centros de log\u00edstica. Los apiladores de pal\u00e9s semiel\u00e9ctricos son m\u00e1s flexibles, poco ruidosos en algunos [...]","protected":false},"author":5,"featured_media":5723,"parent":2583,"comment_status":"open","ping_status":"open","sticky":false,"template":"","format":"standard","meta":[],"categories":[69],"tags":[86],"_links":{"self":[{"href":"https:\/\/www.dflift.com\/es\/wp-json\/wp\/v2\/posts\/2622"}],"collection":[{"href":"https:\/\/www.dflift.com\/es\/wp-json\/wp\/v2\/posts"}],"about":[{"href":"https:\/\/www.dflift.com\/es\/wp-json\/wp\/v2\/types\/post"}],"author":[{"embeddable":true,"href":"https:\/\/www.dflift.com\/es\/wp-json\/wp\/v2\/users\/5"}],"replies":[{"embeddable":true,"href":"https:\/\/www.dflift.com\/es\/wp-json\/wp\/v2\/comments?post=2622"}],"version-history":[{"count":13,"href":"https:\/\/www.dflift.com\/es\/wp-json\/wp\/v2\/posts\/2622\/revisions"}],"predecessor-version":[{"id":6162,"href":"https:\/\/www.dflift.com\/es\/wp-json\/wp\/v2\/posts\/2622\/revisions\/6162"}],"up":[{"embeddable":true,"href":"https:\/\/www.dflift.com\/es\/wp-json\/wp\/v2\/posts\/2583"}],"wp:featuredmedia":[{"embeddable":true,"href":"https:\/\/www.dflift.com\/es\/wp-json\/wp\/v2\/media\/5723"}],"wp:attachment":[{"href":"https:\/\/www.dflift.com\/es\/wp-json\/wp\/v2\/media?parent=2622"}],"wp:term":[{"taxonomy":"category","embeddable":true,"href":"https:\/\/www.dflift.com\/es\/wp-json\/wp\/v2\/categories?post=2622"},{"taxonomy":"post_tag","embeddable":true,"href":"https:\/\/www.dflift.com\/es\/wp-json\/wp\/v2\/tags?post=2622"}],"curies":[{"name":"wp","href":"https:\/\/api.w.org\/{rel}","templated":true}]}}